{"id":5274,"date":"2022-09-16T09:40:00","date_gmt":"2022-09-16T15:40:00","guid":{"rendered":"https:\/\/www.amitai.com\/es\/?p=5274"},"modified":"2022-09-27T10:06:19","modified_gmt":"2022-09-27T16:06:19","slug":"identifica-en-un-trabajador-la-capacidad-de-planificar-y-priorizar","status":"publish","type":"post","link":"https:\/\/www.amitai.com\/es\/identifica-en-un-trabajador-la-capacidad-de-planificar-y-priorizar\/","title":{"rendered":"Identifica en un trabajador la capacidad de planificar y priorizar"},"content":{"rendered":"<p>Las<strong>\u00a0habilidades laborales<\/strong>\u00a0son m\u00e1s valoradas cuando incluyen la\u00a0<strong>capacidad de organizaci\u00f3n y planificaci\u00f3n<\/strong>. Un trabajador es mucho m\u00e1s valorado cuando administra su tiempo. Esto le genera efectividad en el\u00a0<strong>desempe\u00f1o de sus deberes<\/strong>. La mejor forma de lograrlo es que los trabajadores\u00a0<strong>reconozcan y cultiven sus destrezas<\/strong>.<\/p> <h2>\u00bfQu\u00e9 son las habilidades del \u00e1mbito laboral?<\/h2> <p>Las <a href=\"https:\/\/www.amitai.com\/es\/habilidades-laborales\/\">Habilidades laborales<\/a> se refieren a la <strong>capacidad de priorizar tareas<\/strong>. Esto, en principio, requiere la\u00a0<strong>administraci\u00f3n del tiempo<\/strong>. Un trabajador crea una estructura a trav\u00e9s de un\u00a0<strong>cronograma<\/strong>. Cumplir con esa organizaci\u00f3n hace que\u00a0<strong>la<\/strong>\u00a0<strong>eficiencia se maximice<\/strong>.<\/p> <p>Mantener un\u00a0<strong>ritmo de trabajo<\/strong>\u00a0continuo permite que se cumpla con las tareas diarias. Estas pueden ser tanto de proyectos cortos como largos. Lo importante es que la\u00a0<strong>ejecuci\u00f3n sistematizada\u00a0<\/strong>facilite el alcance de los objetivos finales.<\/p> <h3>Destrezas fundamentales<\/h3> <p>Dependiendo del trabajo que se ejecuta, se necesitan ciertas capacidades. Sin embargo, hay tres cosas ineludibles para\u00a0<strong>optimizar cualquier tipo de trabajo<\/strong>:<\/p> <ul> <li><strong>La disciplina<\/strong>. Forma parte elemental para fortalecer la responsabilidad.<\/li> <li><strong>La flexibilidad<\/strong>. Se refiere a la apertura cognitiva para resolver asuntos por varios medios para conseguir un resultado.<\/li> <li><strong>La memoria<\/strong>. Recordar de manera natural es un don, en caso de que pueda fallar, lo mejor es tener los datos y la informaci\u00f3n en soporte escrito o audiovisual.<\/li> <\/ul> <h2>Tipos de capacidades profesionales<\/h2> <ol> <li><strong>Sistematizar<\/strong>: implica la organizaci\u00f3n del espacio f\u00edsico y mental. No solo se debe tener un escritorio limpio y ordenado. Las tareas por hacer deben estar mentalmente claras. Realizarlas con\u00a0<strong>un orden de prioridad acertado<\/strong>\u00a0requiere, en primer lugar, visualizarlas con orden mental.<\/li> <li><strong>Delegar<\/strong>: un trabajo se hace de manera eficaz al recordar y reconocer cu\u00e1les son las fortalezas o debilidades de un grupo de trabajo. No solo con el jefe, sino entre compa\u00f1eros de trabajo, se puede establecer una comunicaci\u00f3n que les permita\u00a0<strong>distribuir el trabajo<\/strong>.<\/li> <li><strong>Planificaci\u00f3n<\/strong>: elegir el modo de usar el tiempo es esencial en el trabajo. Crear\u00a0<strong>plazos sensatos\u00a0<\/strong>disminuye notablemente el estr\u00e9s, pues se determinan los deberes que deben ser culminados antes que otros.<\/li> <li><strong>Comunicar<\/strong>: la\u00a0<strong>comunicaci\u00f3n efectiva<\/strong>\u00a0es una destreza cardinal. Es importante que otros comprendan sus necesidades para hacer su trabajo de manera \u00f3ptima. Un equipo de trabajo debe estar al tanto de sus decisiones en un proyecto. Las razones por las que se elige un modo de hacer y no el asignado, por ejemplo, deben estar fundamentadas. Muchas veces esto genera<strong>\u00a0cambios positivos<\/strong>, puesto que ayuda en el<strong>\u00a0rendimiento general de un equipo<\/strong>\u00a0de trabajo.<\/li> <li><strong>Solicitar colaboraci\u00f3n<\/strong>: estar al tanto de las agilidades de los compa\u00f1eros ayuda tanto en la delegaci\u00f3n de tareas como en la necesidad de pedir ayuda para realizarlas. Esto forma parte de la\u00a0<strong>eficacia de la comunicaci\u00f3n<\/strong>, pues ese tipo de colaboraci\u00f3n agiliza el trabajo en el que se puede perder tiempo por falta de soluciones.<\/li> <\/ol> <h2>C\u00f3mo mejorar las aptitudes en el trabajo<\/h2> <p>El esfuerzo que un trabajador hace para\u00a0<strong>mejorar su eficiencia<\/strong>\u00a0ser\u00e1 compensado con un\u00a0<strong>curr\u00edculo m\u00e1s s\u00f3lido y competente<\/strong>. Se debe considerar qu\u00e9 pr\u00e1cticas se ejecutan con pericia y cu\u00e1les son las debilidades.<\/p> <p>Algunas facultades pueden aprenderse para que, en conjunto, todas puedan fortalecerse entre s\u00ed. De esa manera, se cumplir\u00e1n las<strong>\u00a0expectativas<\/strong>\u00a0que las\u00a0<strong>empresas tienen en tendencia<\/strong>. Un trabajador\u00a0<strong>mejorar\u00e1 sus capacidades<\/strong>\u00a0siguiendo algunas pautas:<\/p> <ol> <li>Establecer un\u00a0<strong>acercamiento laboral con los compa\u00f1eros<\/strong>. Un trabajador podr\u00e1 observarse a s\u00ed mismo en un contexto colectivo. Determinar las capacidades de sus compa\u00f1eras y las suyas.<\/li> <li>Establecer metas que impliquen el\u00a0<strong>aprendizaje de algo nuevo<\/strong>.<\/li> <li>Invertir en cursos o talleres que complementen o desarrollen\u00a0<strong>capacidades alternativas<\/strong>.<\/li> <\/ol> <p>Las competencias en un curr\u00edculo son atractivas para los reclutadores. Y, una vez en el trabajo, aseguran\u00a0<strong>\u00e9xito y estabilidad<\/strong>, pues resolver asuntos es propio de quien tiene una\u00a0<strong>gran destreza para la planificaci\u00f3n y la organizaci\u00f3n<\/strong>.<\/p>","protected":false},"excerpt":{"rendered":"<p>Las\u00a0habilidades laborales\u00a0son m\u00e1s valoradas cuando incluyen la\u00a0capacidad de organizaci\u00f3n y planificaci\u00f3n. Un trabajador es mucho m\u00e1s valorado cuando administra su<\/p>\n","protected":false},"author":6,"featured_media":5278,"comment_status":"open","ping_status":"open","sticky":false,"template":"","format":"standard","meta":{"_acf_changed":false,"footnotes":""},"categories":[2537],"tags":[],"class_list":["post-5274","post","type-post","status-publish","format-standard","has-post-thumbnail","hentry","category-communik-t"],"acf":[],"_links":{"self":[{"href":"https:\/\/www.amitai.com\/es\/wp-json\/wp\/v2\/posts\/5274","targetHints":{"allow":["GET"]}}],"collection":[{"href":"https:\/\/www.amitai.com\/es\/wp-json\/wp\/v2\/posts"}],"about":[{"href":"https:\/\/www.amitai.com\/es\/wp-json\/wp\/v2\/types\/post"}],"author":[{"embeddable":true,"href":"https:\/\/www.amitai.com\/es\/wp-json\/wp\/v2\/users\/6"}],"replies":[{"embeddable":true,"href":"https:\/\/www.amitai.com\/es\/wp-json\/wp\/v2\/comments?post=5274"}],"version-history":[{"count":3,"href":"https:\/\/www.amitai.com\/es\/wp-json\/wp\/v2\/posts\/5274\/revisions"}],"predecessor-version":[{"id":5279,"href":"https:\/\/www.amitai.com\/es\/wp-json\/wp\/v2\/posts\/5274\/revisions\/5279"}],"wp:featuredmedia":[{"embeddable":true,"href":"https:\/\/www.amitai.com\/es\/wp-json\/wp\/v2\/media\/5278"}],"wp:attachment":[{"href":"https:\/\/www.amitai.com\/es\/wp-json\/wp\/v2\/media?parent=5274"}],"wp:term":[{"taxonomy":"category","embeddable":true,"href":"https:\/\/www.amitai.com\/es\/wp-json\/wp\/v2\/categories?post=5274"},{"taxonomy":"post_tag","embeddable":true,"href":"https:\/\/www.amitai.com\/es\/wp-json\/wp\/v2\/tags?post=5274"}],"curies":[{"name":"wp","href":"https:\/\/api.w.org\/{rel}","templated":true}]}}