{"id":317,"date":"2018-11-20T14:19:52","date_gmt":"2018-11-20T20:19:52","guid":{"rendered":"https:\/\/www.amitai.com\/es\/?p=317"},"modified":"2021-06-15T12:03:53","modified_gmt":"2021-06-15T18:03:53","slug":"usar-tatuajes-piercings-causa-discriminacion-laboral","status":"publish","type":"post","link":"https:\/\/www.amitai.com\/es\/usar-tatuajes-piercings-causa-discriminacion-laboral\/","title":{"rendered":"\u00bfUsar tatuajes y piercings es causa de discriminaci\u00f3n laboral?"},"content":{"rendered":"<section class=\"wpb-content-wrapper\"><p>[vc_row][vc_column][vc_column_text]<em><strong>El 65% de los trabajadores en M\u00e9xico considera que el uso de los tatuajes, piercings o perforaciones genera discriminaci\u00f3n (OCCMundial.)<\/strong><\/em>[\/vc_column_text][\/vc_column][\/vc_row][vc_row][vc_column width=&#8221;1\/2&#8243;][vc_icon icon_fontawesome=&#8221;fa fa-hand-o-down&#8221; color=&#8221;custom&#8221; background_style=&#8221;rounded&#8221; background_color=&#8221;custom&#8221; size=&#8221;xl&#8221; align=&#8221;center&#8221; custom_color=&#8221;#ffffff&#8221; custom_background_color=&#8221;#e79434&#8243;][vc_column_text]<\/p> <h3 style=\"text-align: center;\">4 de cada 10 mayores de 30 a\u00f1os<\/h3> <p>[\/vc_column_text][vc_column_text]<\/p> <p style=\"text-align: center;\">Y 3 de cada 10 menores de 29 afirmaron haber sufrido discriminaci\u00f3n laboral por usar piercings o tatuajes por este motivo.<\/p> <p>[\/vc_column_text][\/vc_column][vc_column width=&#8221;1\/2&#8243;][vc_icon icon_fontawesome=&#8221;fa fa-hand-o-down&#8221; color=&#8221;custom&#8221; background_style=&#8221;rounded&#8221; background_color=&#8221;custom&#8221; size=&#8221;xl&#8221; align=&#8221;center&#8221; custom_color=&#8221;#ffffff&#8221; custom_background_color=&#8221;#e79434&#8243;][vc_column_text]<\/p> <h3 style=\"text-align: center;\">Otras formas de discriminaci\u00f3n laboral<\/h3> <p>[\/vc_column_text][vc_column_text]<\/p> <p style=\"text-align: center;\">Son el uso de colores llamativos en el cabello o rastas (57%), orientaci\u00f3n sexual (54%), discapacidad (48%) y vestimenta (47%).<\/p> <p>[\/vc_column_text][\/vc_column][\/vc_row][vc_row][vc_column width=&#8221;1\/4&#8243;]<div class=\"stats-block stats-top\"><div class=\"aio-icon-top\"><div class=\"ult-just-icon-wrapper\"><div class=\"align-icon\" style=\"text-align:center;\"><\/div><\/div><\/div><div class=\"stats-desc\" id=\"counter-responsv-wrap-5965\"><div id=\"counter_36714815269f0e290b3e4e\" data-id=\"counter_36714815269f0e290b3e4e\"  data-ultimate-target='#counter-responsv-wrap-5965 .stats-number'  data-responsive-json-new='{\"font-size\":\"\",\"line-height\":\"\"}'  class=\"stats-number ult-responsive\" style=\"font-size:28px;  \" data-speed=\"3\" data-counter-value=\"57%\" data-separator=\",\" data-decimal=\".\">0<\/div><div id=\"counter_36714815269f0e290b3e4e\"  data-ultimate-target='#counter-responsv-wrap-5965 .stats-text'  data-responsive-json-new='{\"font-size\":\"\",\"line-height\":\"\"}'  class=\"stats-text ult-responsive\" style=\"font-size:18px;  \">Cabello o rastas<\/div><\/div><\/div>[\/vc_column][vc_column width=&#8221;1\/4&#8243;]<div class=\"stats-block stats-top\"><div class=\"aio-icon-top\"><div class=\"ult-just-icon-wrapper\"><div class=\"align-icon\" style=\"text-align:center;\"><\/div><\/div><\/div><div class=\"stats-desc\" id=\"counter-responsv-wrap-1563\"><div id=\"counter_27915834369f0e290b3f61\" data-id=\"counter_27915834369f0e290b3f61\"  data-ultimate-target='#counter-responsv-wrap-1563 .stats-number'  data-responsive-json-new='{\"font-size\":\"\",\"line-height\":\"\"}'  class=\"stats-number ult-responsive\" style=\"font-size:28px;  \" data-speed=\"3\" data-counter-value=\"54%\" data-separator=\",\" data-decimal=\".\">0<\/div><div id=\"counter_27915834369f0e290b3f61\"  data-ultimate-target='#counter-responsv-wrap-1563 .stats-text'  data-responsive-json-new='{\"font-size\":\"\",\"line-height\":\"\"}'  class=\"stats-text ult-responsive\" style=\"font-size:18px;  \">Orientaci\u00f3n sexual<\/div><\/div><\/div>[\/vc_column][vc_column width=&#8221;1\/4&#8243;]<div class=\"stats-block stats-top\"><div class=\"aio-icon-top\"><div class=\"ult-just-icon-wrapper\"><div class=\"align-icon\" style=\"text-align:center;\"><\/div><\/div><\/div><div class=\"stats-desc\" id=\"counter-responsv-wrap-5135\"><div id=\"counter_205065588069f0e290b4037\" data-id=\"counter_205065588069f0e290b4037\"  data-ultimate-target='#counter-responsv-wrap-5135 .stats-number'  data-responsive-json-new='{\"font-size\":\"\",\"line-height\":\"\"}'  class=\"stats-number ult-responsive\" style=\"font-size:28px;  \" data-speed=\"3\" data-counter-value=\"48%\" data-separator=\",\" data-decimal=\".\">0<\/div><div id=\"counter_205065588069f0e290b4037\"  data-ultimate-target='#counter-responsv-wrap-5135 .stats-text'  data-responsive-json-new='{\"font-size\":\"\",\"line-height\":\"\"}'  class=\"stats-text ult-responsive\" style=\"font-size:18px;  \">Discapacidad<\/div><\/div><\/div>[\/vc_column][vc_column width=&#8221;1\/4&#8243;]<div class=\"stats-block stats-top\"><div class=\"aio-icon-top\"><div class=\"ult-just-icon-wrapper\"><div class=\"align-icon\" style=\"text-align:center;\"><\/div><\/div><\/div><div class=\"stats-desc\" id=\"counter-responsv-wrap-6317\"><div id=\"counter_153428972469f0e290b4119\" data-id=\"counter_153428972469f0e290b4119\"  data-ultimate-target='#counter-responsv-wrap-6317 .stats-number'  data-responsive-json-new='{\"font-size\":\"\",\"line-height\":\"\"}'  class=\"stats-number ult-responsive\" style=\"font-size:28px;  \" data-speed=\"3\" data-counter-value=\"47%\" data-separator=\",\" data-decimal=\".\">0<\/div><div id=\"counter_153428972469f0e290b4119\"  data-ultimate-target='#counter-responsv-wrap-6317 .stats-text'  data-responsive-json-new='{\"font-size\":\"\",\"line-height\":\"\"}'  class=\"stats-text ult-responsive\" style=\"font-size:18px;  \">Vestimenta<\/div><\/div><\/div>[\/vc_column][\/vc_row][vc_row][vc_column][vc_column_text]<em><strong>Seg\u00fan los reclutadores \u00e9stas son las razones principales para no contratar personas con tatuajes o piercings.<\/strong><\/em>[\/vc_column_text][\/vc_column][\/vc_row][vc_row][vc_column width=&#8221;1\/3&#8243;]<div class=\"stats-block stats-top\"><div class=\"aio-icon-top\"><div class=\"ult-just-icon-wrapper\"><div class=\"align-icon\" style=\"text-align:center;\"><\/div><\/div><\/div><div class=\"stats-desc\" id=\"counter-responsv-wrap-4226\"><div id=\"counter_64121478869f0e290b4200\" data-id=\"counter_64121478869f0e290b4200\"  data-ultimate-target='#counter-responsv-wrap-4226 .stats-number'  data-responsive-json-new='{\"font-size\":\"\",\"line-height\":\"\"}'  class=\"stats-number ult-responsive\" style=\"font-size:28px;  \" data-speed=\"3\" data-counter-value=\"52%\" data-separator=\",\" data-decimal=\".\">0<\/div><div id=\"counter_64121478869f0e290b4200\"  data-ultimate-target='#counter-responsv-wrap-4226 .stats-text'  data-responsive-json-new='{\"font-size\":\"\",\"line-height\":\"\"}'  class=\"stats-text ult-responsive\" style=\"font-size:18px;  \">No iba de acuerdo con la cultura organizacional<\/div><\/div><\/div>[\/vc_column][vc_column width=&#8221;1\/3&#8243;]<div class=\"stats-block stats-top\"><div class=\"aio-icon-top\"><div class=\"ult-just-icon-wrapper\"><div class=\"align-icon\" style=\"text-align:center;\"><\/div><\/div><\/div><div class=\"stats-desc\" id=\"counter-responsv-wrap-9200\"><div id=\"counter_395437990569f0e290b42c8\" data-id=\"counter_395437990569f0e290b42c8\"  data-ultimate-target='#counter-responsv-wrap-9200 .stats-number'  data-responsive-json-new='{\"font-size\":\"\",\"line-height\":\"\"}'  class=\"stats-number ult-responsive\" style=\"font-size:28px;  \" data-speed=\"3\" data-counter-value=\"21%\" data-separator=\",\" data-decimal=\".\">0<\/div><div id=\"counter_395437990569f0e290b42c8\"  data-ultimate-target='#counter-responsv-wrap-9200 .stats-text'  data-responsive-json-new='{\"font-size\":\"\",\"line-height\":\"\"}'  class=\"stats-text ult-responsive\" style=\"font-size:18px;  \">Apariencia poco profesional<\/div><\/div><\/div>[\/vc_column][vc_column width=&#8221;1\/3&#8243;]<div class=\"stats-block stats-top\"><div class=\"aio-icon-top\"><div class=\"ult-just-icon-wrapper\"><div class=\"align-icon\" style=\"text-align:center;\"><\/div><\/div><\/div><div class=\"stats-desc\" id=\"counter-responsv-wrap-7124\"><div id=\"counter_217534503769f0e290b43a3\" data-id=\"counter_217534503769f0e290b43a3\"  data-ultimate-target='#counter-responsv-wrap-7124 .stats-number'  data-responsive-json-new='{\"font-size\":\"\",\"line-height\":\"\"}'  class=\"stats-number ult-responsive\" style=\"font-size:28px;  \" data-speed=\"3\" data-counter-value=\"48%\" data-separator=\",\" data-decimal=\".\">0<\/div><div id=\"counter_217534503769f0e290b43a3\"  data-ultimate-target='#counter-responsv-wrap-7124 .stats-text'  data-responsive-json-new='{\"font-size\":\"\",\"line-height\":\"\"}'  class=\"stats-text ult-responsive\" style=\"font-size:18px;  \">Una decisi\u00f3n de pol\u00edticas organizacionales<\/div><\/div><\/div>[\/vc_column][\/vc_row][vc_row][vc_column][vc_column_text]<em><strong>Situaciones que enfrenta una persona con tatuajes o piercings.<\/strong><\/em>[\/vc_column_text][\/vc_column][\/vc_row][vc_row][vc_column width=&#8221;2\/3&#8243;][vc_progress_bar values=&#8221;%5B%7B%22label%22%3A%22Reduce%20sus%20oportunidades%20de%20conseguir%20empleo%22%2C%22value%22%3A%2274%22%2C%22color%22%3A%22custom%22%2C%22customcolor%22%3A%22%23e79434%22%7D%2C%7B%22label%22%3A%22Minimiza%20la%20posibilidad%20de%20crecimiento%20profesional%22%2C%22value%22%3A%2252%22%2C%22color%22%3A%22custom%22%2C%22customcolor%22%3A%22%23e79434%22%7D%2C%7B%22label%22%3A%22Aumenta%20las%20probabilidades%20de%20ser%20v%C3%ADctima%20de%20bromas%20constantes%20o%20mobbing.%22%2C%22value%22%3A%2235%22%2C%22color%22%3A%22custom%22%2C%22customcolor%22%3A%22%23e79434%22%7D%2C%7B%22label%22%3A%22Son%20despedidos%22%2C%22value%22%3A%2229%22%2C%22color%22%3A%22custom%22%2C%22customcolor%22%3A%22%23e79434%22%7D%5D&#8221;][\/vc_column][vc_column width=&#8221;1\/3&#8243;][vc_single_image image=&#8221;322&#8243; img_size=&#8221;full&#8221; alignment=&#8221;center&#8221;][\/vc_column][\/vc_row][vc_row][vc_column][vc_column_text]<em><strong>Elabore una pol\u00edtica que mejor se adapte a las necesidades de su empresa.<\/strong><\/em>[\/vc_column_text][\/vc_column][\/vc_row][vc_row][vc_column][vc_column_text]<strong><img decoding=\"async\" class=\"alignright wp-image-323 size-full\" src=\"https:\/\/www.amitai.com\/es\/wp-content\/uploads\/2018\/11\/tatuajes.jpg\" alt=\"\" width=\"500\" height=\"346\" srcset=\"https:\/\/www.amitai.com\/es\/wp-content\/uploads\/2018\/11\/tatuajes.jpg 500w, https:\/\/www.amitai.com\/es\/wp-content\/uploads\/2018\/11\/tatuajes-300x208.jpg 300w\" sizes=\"(max-width: 500px) 100vw, 500px\" \/>50% Millennials tiene al menos un tatuaje, y son m\u00e1s las mujeres que hombres.\u00a0<\/strong>Las empresas buscan atraer a los mejores y m\u00e1s brillantes de todo el mundo. Tatuajes visibles y piercings pronto pueden convertirse en la norma en un lugar de trabajo fuerte y diversificado.<\/p> <p>Si su empresa niega arbitrariamente a los empleados la oportunidad de expresarse a trav\u00e9s del arte corporal, puede generar un mensaje que reduce la innovaci\u00f3n y el crecimiento, especialmente si un talentoso empleado tiene tatuajes.<\/p> <p>La marca de su empleador tambi\u00e9n podr\u00eda sufrir, ya que Millennials y otros buscan empleadores que parecen m\u00e1s progresistas e inclusivos. Por supuesto, algunos l\u00edmites son aceptables y sabios. La prohibici\u00f3n de visibles tatuajes profanos o degradantes im\u00e1genes o esl\u00f3ganes tiene sentido, al igual que la prohibici\u00f3n de tatuajes para los empleados que se enfrentan al cliente en industrias conservadoras como la banca.<\/p> <p>Cuando intentamos crear un c\u00f3digo de vestimenta que limite la individualidad, debemos hacerlo con un pensamiento considerado. Aquellos que trabajan con ni\u00f1os o enfermos podr\u00edan ser invitados a cubrir los tatuajes con im\u00e1genes no aptas para el caso. Cuando se escribe una pol\u00edtica como \u00e9sta, trate de imaginar lo que suceder\u00eda si ambos, sus peores y mejores empleados, lo violaran. \u00bfVale la pena decir adi\u00f3s a su mejor programador, vendedor o ejecutivo debido a un nuevo tatuaje debajo de su pu\u00f1o?<\/p> <p>Sino es as\u00ed hay que reconsiderar las estrictas pol\u00edticas de arte corporal y adoptar una definici\u00f3n con mayor profesionalismo.[\/vc_column_text][\/vc_column][\/vc_row]<\/p> <\/section>","protected":false},"excerpt":{"rendered":"<p>El 65% de los trabajadores en M\u00e9xico considera que el uso de los tatuajes, piercings o perforaciones genera discriminaci\u00f3n (OCCMundial.)<\/p>\n","protected":false},"author":6,"featured_media":323,"comment_status":"open","ping_status":"open","sticky":false,"template":"","format":"standard","meta":{"_acf_changed":false,"footnotes":""},"categories":[1224],"tags":[],"class_list":["post-317","post","type-post","status-publish","format-standard","has-post-thumbnail","hentry","category-ethics-learning"],"acf":[],"_links":{"self":[{"href":"https:\/\/www.amitai.com\/es\/wp-json\/wp\/v2\/posts\/317","targetHints":{"allow":["GET"]}}],"collection":[{"href":"https:\/\/www.amitai.com\/es\/wp-json\/wp\/v2\/posts"}],"about":[{"href":"https:\/\/www.amitai.com\/es\/wp-json\/wp\/v2\/types\/post"}],"author":[{"embeddable":true,"href":"https:\/\/www.amitai.com\/es\/wp-json\/wp\/v2\/users\/6"}],"replies":[{"embeddable":true,"href":"https:\/\/www.amitai.com\/es\/wp-json\/wp\/v2\/comments?post=317"}],"version-history":[{"count":9,"href":"https:\/\/www.amitai.com\/es\/wp-json\/wp\/v2\/posts\/317\/revisions"}],"predecessor-version":[{"id":399,"href":"https:\/\/www.amitai.com\/es\/wp-json\/wp\/v2\/posts\/317\/revisions\/399"}],"wp:featuredmedia":[{"embeddable":true,"href":"https:\/\/www.amitai.com\/es\/wp-json\/wp\/v2\/media\/323"}],"wp:attachment":[{"href":"https:\/\/www.amitai.com\/es\/wp-json\/wp\/v2\/media?parent=317"}],"wp:term":[{"taxonomy":"category","embeddable":true,"href":"https:\/\/www.amitai.com\/es\/wp-json\/wp\/v2\/categories?post=317"},{"taxonomy":"post_tag","embeddable":true,"href":"https:\/\/www.amitai.com\/es\/wp-json\/wp\/v2\/tags?post=317"}],"curies":[{"name":"wp","href":"https:\/\/api.w.org\/{rel}","templated":true}]}}