{"id":2193,"date":"2020-10-29T04:54:37","date_gmt":"2020-10-29T10:54:37","guid":{"rendered":"https:\/\/www.amitai.com\/es\/?p=2193"},"modified":"2022-08-18T11:29:11","modified_gmt":"2022-08-18T17:29:11","slug":"10-criterios-tomar-para-valoracion-competencias","status":"publish","type":"post","link":"https:\/\/www.amitai.com\/es\/10-criterios-tomar-para-valoracion-competencias\/","title":{"rendered":"10 criterios a tomar para la valoraci\u00f3n de competencias"},"content":{"rendered":"<p>De acuerdo a los resultados reci\u00e9n publicados del&nbsp;INEGI,&nbsp;la productividad en el trimestre comprendido entre abril y junio de este a\u00f1o aument\u00f3 un 11,4 %. Esto puede parecer&nbsp;parad\u00f3jico tomando en cuenta la pandemia global. Sin embargo, lo que muchos no han considerado es que multitud de empresas hicieron una&nbsp;<a style=\"min-height: 20px;\" href=\"https:\/\/www.amitai.com\/es\/como-funciona-valoracion-competencias\/\" target=\"_blank\" rel=\"noopener noreferrer\"><strong>valoraci\u00f3n de competencias<\/strong>&nbsp;<\/a>de sus empleados para ayudarlos a mejorar sus habilidades.<\/p> <h2>\u00bfQu\u00e9 es una competencia?<\/h2> <p>Su definici\u00f3n es amplia y puede ser utilizada en multitud de contextos, tanto sociales, laborales, art\u00edsticos o educativos. Es contar con un&nbsp;<strong>conjunto de habilidades, conocimientos y actitudes que capacitan a la persona para poder desarrollar una tarea en espec\u00edfico.&nbsp;<\/strong><\/p> <p>En el campo laboral una competencia es manejar adecuadamente la informaci\u00f3n pertinente a un puesto, <strong>aplicar correctamente los procedimientos<\/strong>, contar con una actitud de respeto a las normas y ser capaz de reflexionar sobre los propios pensamientos y acciones.<\/p> <h2>Criterios de competencia para evaluar a los empleados<\/h2> <p>Todo&nbsp;<strong>criterio<\/strong>&nbsp;para conocer el rendimiento de los trabajadores debe regirse por cuatro cuestiones principales,&nbsp;<strong>tiene que ser sistem\u00e1tico, equitativo, trasparente y coherente.<\/strong>&nbsp;Debe perseguir un objetivo establecido con anterioridad por la empresa, sobre todo, debe basarse en una descripci\u00f3n de puestos establecida.<\/p> <p>Bajo ning\u00fan motivo se le puede exigir a nadie que posea informaci\u00f3n, habilidades o actitudes que no pertenezcan a su campo laboral y a sus funciones en concreto dentro de la instituci\u00f3n.<\/p> <ol> <li>Lo mejor es contratar a una&nbsp;compa\u00f1\u00eda profesional&nbsp;que ofrezca la mejor relaci\u00f3n costo &#8211; servicio para implementar las encuestas pertinentes.<\/li> <li>Toda evaluaci\u00f3n tiene que ser&nbsp;<strong>individual<\/strong>.<\/li> <li>La persona debe<strong>&nbsp;conocer con anticipaci\u00f3n que ser\u00e1 sometida a una prueba<\/strong>&nbsp;y cu\u00e1les son las normas de esta. La evaluaci\u00f3n es un proceso planificado y coordinado.<\/li> <li>Se toman en cuenta&nbsp;<strong>evidencias&nbsp;reales del trabajo<\/strong>&nbsp;de cada miembro obtenidos a partir de una auditoria. Con esto se verifica que el personal realice de manera adecuada las actividades que le corresponden.<\/li> <li>La revisi\u00f3n tiene que ser&nbsp;<strong>integral<\/strong>, por lo cual incluye observaci\u00f3n de los procesos realizados, verificaci\u00f3n del producto obtenido y de las aptitudes tecnol\u00f3gicas del trabajador.<\/li> <li>Todo&nbsp;<strong>instrumento<\/strong>&nbsp;de evaluaci\u00f3n tiene que ser&nbsp;<strong>objetivo, v\u00e1lido, confiable, eficiente, transparente<\/strong>, tener una adecuada cobertura y no caer ante pr\u00e1cticas de discriminaci\u00f3n.<\/li> <li><strong>Se deben aplicar m\u00ednimo dos tipos de prueba<\/strong>, una que eval\u00fae el conocimiento y otra que eval\u00fae el desempe\u00f1o. En la primera se utiliza, com\u00fanmente, una selecci\u00f3n m\u00faltiple de respuestas. En la segunda se contempla el rendimiento laboral en situaciones reales, por medio de talleres, laboratorios o en trabajo de campo.<\/li> <li>Todo examen debe contemplar&nbsp;<strong>tres dominios: el cognitivo, el psicomotor y el afectivo<\/strong>. Para ellos se debe efectuar, adem\u00e1s de una prueba de desempe\u00f1o y de conocimiento, un test psicol\u00f3gico.<\/li> <li>Se debe estimar el grado de dominio de cada trabajador en cuanto a&nbsp;<strong>resoluci\u00f3n de problemas, comprensi\u00f3n funcional y capacidad de memoria<\/strong>. Esto nos presenta la capacidad que tiene alguien para recordar datos, aplicar esos datos en un escenario real y, con ello, analizar, sintetizar y evaluar un proceso.<\/li> <li>Se debe tasar cu\u00e1l es el&nbsp;<strong>grado de dominio<\/strong>&nbsp;de la persona con base a c\u00f3mo recibe la informaci\u00f3n, c\u00f3mo responde ante ella, c\u00f3mo la valora, c\u00f3mo la organiza o jerarquiza y cu\u00e1l es su cosmovisi\u00f3n acerca del entorno que le rodea, sus responsabilidades y su propia identidad.<\/li> <\/ol> <p>Ser capaz de llevar a cabo una correcta evaluaci\u00f3n de habilidades del recurso humano de una empresa es un arte, por lo cual requiere<strong>&nbsp;practica constante y buena voluntad<\/strong>. Dos ingredientes que tambi\u00e9n son clave para el \u00e9xito.<\/p> <p>&nbsp;<\/p> <blockquote><p>Tambi\u00e9n te va a interesar:&nbsp;<a style=\"min-height: 20px;\" href=\"https:\/\/www.amitai.com\/es\/7-criterios-evaluacion-valoracion-competencias\/\" target=\"_blank\" rel=\"noopener noreferrer\">7 criterios de la evaluaci\u00f3n en la valoraci\u00f3n de competencias<\/a><\/p><\/blockquote> <p>&nbsp;<\/p>","protected":false},"excerpt":{"rendered":"<p>De acuerdo a los resultados reci\u00e9n publicados del&nbsp;INEGI,&nbsp;la productividad en el trimestre comprendido entre abril y junio de este a\u00f1o<\/p>\n","protected":false},"author":6,"featured_media":2218,"comment_status":"open","ping_status":"open","sticky":false,"template":"","format":"standard","meta":{"_acf_changed":false,"footnotes":""},"categories":[2535],"tags":[],"class_list":["post-2193","post","type-post","status-publish","format-standard","has-post-thumbnail","hentry","category-e-survey"],"acf":[],"_links":{"self":[{"href":"https:\/\/www.amitai.com\/es\/wp-json\/wp\/v2\/posts\/2193","targetHints":{"allow":["GET"]}}],"collection":[{"href":"https:\/\/www.amitai.com\/es\/wp-json\/wp\/v2\/posts"}],"about":[{"href":"https:\/\/www.amitai.com\/es\/wp-json\/wp\/v2\/types\/post"}],"author":[{"embeddable":true,"href":"https:\/\/www.amitai.com\/es\/wp-json\/wp\/v2\/users\/6"}],"replies":[{"embeddable":true,"href":"https:\/\/www.amitai.com\/es\/wp-json\/wp\/v2\/comments?post=2193"}],"version-history":[{"count":6,"href":"https:\/\/www.amitai.com\/es\/wp-json\/wp\/v2\/posts\/2193\/revisions"}],"predecessor-version":[{"id":5120,"href":"https:\/\/www.amitai.com\/es\/wp-json\/wp\/v2\/posts\/2193\/revisions\/5120"}],"wp:featuredmedia":[{"embeddable":true,"href":"https:\/\/www.amitai.com\/es\/wp-json\/wp\/v2\/media\/2218"}],"wp:attachment":[{"href":"https:\/\/www.amitai.com\/es\/wp-json\/wp\/v2\/media?parent=2193"}],"wp:term":[{"taxonomy":"category","embeddable":true,"href":"https:\/\/www.amitai.com\/es\/wp-json\/wp\/v2\/categories?post=2193"},{"taxonomy":"post_tag","embeddable":true,"href":"https:\/\/www.amitai.com\/es\/wp-json\/wp\/v2\/tags?post=2193"}],"curies":[{"name":"wp","href":"https:\/\/api.w.org\/{rel}","templated":true}]}}