{"id":2009,"date":"2020-07-23T05:44:20","date_gmt":"2020-07-23T11:44:20","guid":{"rendered":"https:\/\/www.amitai.com\/es\/?p=2009"},"modified":"2021-11-05T11:04:06","modified_gmt":"2021-11-05T17:04:06","slug":"como-mantener-clima-laboral-sano-con-distancia-social","status":"publish","type":"post","link":"https:\/\/www.amitai.com\/es\/como-mantener-clima-laboral-sano-con-distancia-social\/","title":{"rendered":"Ent\u00e9rate sobre c\u00f3mo mantener un clima laboral sano con distancia social"},"content":{"rendered":"<p>Mantener un buen <a href=\"https:\/\/www.amitai.com\/es\/clima-organizacional\/\" target=\"_blank\" rel=\"noopener noreferrer\"><strong>clima\u00a0<\/strong><strong>l<\/strong><strong>aboral<\/strong><\/a> siempre ha sido un reto para las empresas, pero ahora\u00a0quiz\u00e1 piensas que se convertir\u00e1 en toda una odisea durante el distanciamiento social derivado de la pandemia por el coronavirus. \u00a1No te preocupes! A continuaci\u00f3n, te ofrecemos algunos\u00a0<strong>tips\u00a0<\/strong>que puedes implementar en estos tiempos.<\/p> <p>&nbsp;<\/p> <h2>1. Cuida la comunicaci\u00f3n interna<\/h2> <p>Si pensaste que el &#8220;radio pasillo&#8221; hab\u00eda llegado a su fin con el <strong>distanciamiento<\/strong> <strong>social<\/strong>, lamentablemente no es as\u00ed. Evita que el\u00a0<strong>rumor\u00a0<\/strong>se apodere de tu empresa y mejor abre\u00a0<strong>canales <\/strong>de <a href=\"https:\/\/www.amitai.com\/es\/comunicacion-interna-que-es\/\" target=\"_blank\" rel=\"noopener noreferrer\">comunicaci\u00f3n interna<\/a> nuevos, adaptados a las necesidades que ameriten las circunstancias; y da un mayor seguimiento a los que ya ten\u00edas establecidos antes de la contingencia.<\/p> <p>Sin duda, las medidas de <a href=\"https:\/\/www.gob.mx\/salud\/documentos\/sana-distancia\" target=\"_blank\" rel=\"noopener nofollow\"><strong>sana\u00a0<\/strong><strong>distancia<\/strong><\/a>\u00a0pueden generar\u00a0distorsiones en la comunicaci\u00f3n; sin embargo, el\u00a0distanciamiento solo es f\u00edsico, mas no social en el sentido estricto de la palabra, por lo que esto no impide que las personas se sigan comunicando a trav\u00e9s de v\u00edas remotas como son las redes sociales, videoconferencias o las llamadas telef\u00f3nicas.<\/p> <p>Te recomendamos que aproveches dichos medios de comunicaci\u00f3n para establecer <strong>contacto directo\u00a0<\/strong>con tus colaboradores y, as\u00ed, puedas hacerles llegar avisos, instrucciones, retroalimentaci\u00f3n, etc. Asimismo, ellos tambi\u00e9n puedan externar sus dudas, comentarios o sugerencias y tener la certeza de que ser\u00e1n escuchados por la empresa.<\/p> <p>&nbsp;<\/p> <h2>2. Administra la carga laboral<\/h2> <p>El confinamiento en el hogar, con el fin de\u00a0evitar contagios masivos, ha hecho necesario y obligatorio el\u00a0<strong>trabajo remoto<\/strong>. Esta forma de trabajar implica nuevos retos, entre ellos, quiz\u00e1 el m\u00e1s importante sea el de lograr una <strong>alta<\/strong> <strong>productividad<\/strong> sin supervisi\u00f3n directa.<\/p> <p>No obstante, un buen <strong>l\u00edder<\/strong> debe ser capaz de orientar el trabajo de su equipo hacia la consecuci\u00f3n de los objetivos pese a las circunstancias (en este caso, el distanciamiento f\u00edsico) y una buena forma de empezar a hacerlo es gestionando<strong>\u00a0<\/strong>adecuadamente<strong> la carga laboral\u00a0<\/strong>de cada uno de tus colaboradores.<\/p> <p>Establece plazos considerables de entrega, distribuye de manera equitativa el trabajo entre todos los integrantes del equipo y no te comprometas con los clientes si no crees posible cumplir con sus requerimientos en tiempo y forma. El uso de un <strong>cronograma<\/strong> <strong>de<\/strong> <strong>trabajo<\/strong> te ayudar\u00e1 a programar las actividades de tu equipo y a definirlas claramente. As\u00ed, evitar\u00e1s malentendidos y contratiempos.<\/p> <p>&nbsp;<\/p> <h2>3. No descuides la remuneraci\u00f3n de tus colaboradores<\/h2> <p>S\u00ed, lo sabemos, la pandemia por la Covid-19 traer\u00e1 consigo, inevitablemente, una <strong>crisis econ\u00f3mica\u00a0<\/strong>en todo el mundo y las finanzas de tu empresa se ver\u00e1n afectadas, pero, si\u00a0los ingresos\u00a0de tus colaboradores comienzan a verse minados,\u00a0seguramente su <strong>motivaci\u00f3n<\/strong> disminuir\u00e1 y la productividad de tu\u00a0negocio tambi\u00e9n.<\/p> <p>Por eso, trata que su remuneraci\u00f3n no se vea afectada. Si no te es posible, establece un plan de <strong>est\u00edmulos<\/strong> <strong>y<\/strong> <strong>compensaciones<\/strong> lo suficientemente robusto para mitigar los efectos en el salario.<\/p> <p>&nbsp;<\/p> <h2>4. Sigue capacitando a tu equipo de trabajo<\/h2> <p>El\u00a0<strong>trabajo a distancia\u00a0<\/strong>requiere de\u00a0<strong><a href=\"https:\/\/www.amitai.com\/es\/habilidades-laborales-adaptarse-cambios-empresas\/\" target=\"_blank\" rel=\"noopener noreferrer\">habilidades laborales<\/a>\u00a0<\/strong>espec\u00edficas como, por ejemplo, el manejo de las tecnolog\u00edas de la informaci\u00f3n y la comunicaci\u00f3n (TIC) o la autogesti\u00f3n del tiempo y,\u00a0si los miembros de tu equipo no las tienen, deber\u00e1s ayudarles a desarrollarlas o mejorarlas, seg\u00fan sea el caso.<\/p> <p>Para eso, crea planes de <strong>capacitaci\u00f3n<\/strong>\u00a0y desarrollo de\u00a0personal; ll\u00e9valos a la pr\u00e1ctica y aseg\u00farate de evaluar su impacto al t\u00e9rmino de los mismos.<\/p> <p>Adem\u00e1s, siempre ser\u00e1 bien visto por nuestros colaboradores el que, como empresa, nos preocupemos por su\u00a0<strong>desarrollo profesional,\u00a0<\/strong>lo cual influir\u00e1, por tanto, en el clima de trabajo dentro de la organizaci\u00f3n.<\/p> <p>En conclusi\u00f3n, es posible y necesario generar un buen clima organizacional en \u00e9pocas de\u00a0distanciamiento social.<\/p> <p>&nbsp;<\/p> <blockquote><p>Tambi\u00e9n te va a interesar: <a href=\"https:\/\/www.amitai.com\/es\/5-acciones-deben-tomar-lideres-mantener-clima-laboral-idoneo\/\" target=\"_blank\" rel=\"noopener\">5 acciones que deben tomar los l\u00edderes para mantener un clima laboral id\u00f3neo<\/a>.<\/p><\/blockquote> <p>&nbsp;<\/p>","protected":false},"excerpt":{"rendered":"<p>Mantener un buen clima\u00a0laboral siempre ha sido un reto para las empresas, pero ahora\u00a0quiz\u00e1 piensas que se convertir\u00e1 en toda<\/p>\n","protected":false},"author":6,"featured_media":2023,"comment_status":"open","ping_status":"open","sticky":false,"template":"","format":"standard","meta":{"_acf_changed":false,"footnotes":""},"categories":[1224],"tags":[],"class_list":["post-2009","post","type-post","status-publish","format-standard","has-post-thumbnail","hentry","category-ethics-learning"],"acf":[],"_links":{"self":[{"href":"https:\/\/www.amitai.com\/es\/wp-json\/wp\/v2\/posts\/2009","targetHints":{"allow":["GET"]}}],"collection":[{"href":"https:\/\/www.amitai.com\/es\/wp-json\/wp\/v2\/posts"}],"about":[{"href":"https:\/\/www.amitai.com\/es\/wp-json\/wp\/v2\/types\/post"}],"author":[{"embeddable":true,"href":"https:\/\/www.amitai.com\/es\/wp-json\/wp\/v2\/users\/6"}],"replies":[{"embeddable":true,"href":"https:\/\/www.amitai.com\/es\/wp-json\/wp\/v2\/comments?post=2009"}],"version-history":[{"count":4,"href":"https:\/\/www.amitai.com\/es\/wp-json\/wp\/v2\/posts\/2009\/revisions"}],"predecessor-version":[{"id":4351,"href":"https:\/\/www.amitai.com\/es\/wp-json\/wp\/v2\/posts\/2009\/revisions\/4351"}],"wp:featuredmedia":[{"embeddable":true,"href":"https:\/\/www.amitai.com\/es\/wp-json\/wp\/v2\/media\/2023"}],"wp:attachment":[{"href":"https:\/\/www.amitai.com\/es\/wp-json\/wp\/v2\/media?parent=2009"}],"wp:term":[{"taxonomy":"category","embeddable":true,"href":"https:\/\/www.amitai.com\/es\/wp-json\/wp\/v2\/categories?post=2009"},{"taxonomy":"post_tag","embeddable":true,"href":"https:\/\/www.amitai.com\/es\/wp-json\/wp\/v2\/tags?post=2009"}],"curies":[{"name":"wp","href":"https:\/\/api.w.org\/{rel}","templated":true}]}}